{"id":2482,"date":"2024-03-20T12:26:39","date_gmt":"2024-03-20T12:26:39","guid":{"rendered":"https:\/\/cateringfelix.net\/?p=2482"},"modified":"2024-10-29T03:29:27","modified_gmt":"2024-10-29T03:29:27","slug":"como-planificar-una-boda","status":"publish","type":"post","link":"https:\/\/cateringfelix.net\/ca\/como-planificar-una-boda\/","title":{"rendered":"Com planificar una boda"},"content":{"rendered":"<p>[et_pb_section fb_built=&#8221;1&#8243; _builder_version=&#8221;4.19.4&#8243; custom_padding=&#8221;0px||0px|||&#8221; global_colors_info=&#8221;{}&#8221;][et_pb_row _builder_version=&#8221;4.16&#8243; background_size=&#8221;initial&#8221; background_position=&#8221;top_left&#8221; background_repeat=&#8221;repeat&#8221; custom_margin=&#8221;21px|auto||auto||&#8221; custom_padding=&#8221;1px||0px|||&#8221; global_colors_info=&#8221;{}&#8221;][et_pb_column type=&#8221;4_4&#8243; _builder_version=&#8221;4.16&#8243; custom_padding=&#8221;|||&#8221; global_colors_info=&#8221;{}&#8221; custom_padding__hover=&#8221;|||&#8221;][et_pb_text _builder_version=&#8221;4.24.0&#8243; background_size=&#8221;initial&#8221; background_position=&#8221;top_left&#8221; background_repeat=&#8221;repeat&#8221; min_height=&#8221;20px&#8221; custom_margin=&#8221;||-3px||false|false&#8221; custom_padding=&#8221;|0px|0px|||&#8221; global_colors_info=&#8221;{}&#8221;]<\/p>\n<p style=\"text-align: justify;\"><span style=\"color: #000000;\">Molts de vosaltres teniu dubtes sobre com planificar una boda, i \u00e9s comprensible. \u00c9s un proc\u00e9s que requereix molta atenci\u00f3 a cada detall. Des de l&#8217;elecci\u00f3 de la data i el tipus de boda, fins a la llista de convidats i el pressupost. A mesura que s&#8217;acosta el gran dia, \u00e9s important <strong>reservar prove\u00efdors<\/strong>, definir <strong>l&#8217;estil de la boda<\/strong> i <strong>gestionar els tr\u00e0mits legals.<\/strong> Aproximadament a <strong>6 mesos<\/strong> de la boda, s&#8217;han d&#8217;organitzar la m\u00fasica, les invitacions i els detalls per als convidats. <strong>A 4 mesos<\/strong>, es reserva transport i allotjament, i es trien el maquillatge i pentinat. <strong>De 3 a 2 mesos<\/strong>, es defineixen el ram, les flors i el men\u00fa. <strong>A 1 mes<\/strong>, es confirma l&#8217;assist\u00e8ncia, es recull el vestit i es preparen les maletes per a la lluna de mel.<\/span><br \/><span><\/span><\/p>\n<p style=\"text-align: justify;\"><!-- \/divi:paragraph --><\/p>\n<p>[\/et_pb_text][\/et_pb_column][\/et_pb_row][et_pb_row _builder_version=&#8221;4.24.0&#8243; _module_preset=&#8221;default&#8221; custom_margin=&#8221;||||false|false&#8221; global_colors_info=&#8221;{}&#8221;][et_pb_column type=&#8221;4_4&#8243; _builder_version=&#8221;4.19.4&#8243; _module_preset=&#8221;default&#8221; global_colors_info=&#8221;{}&#8221;][et_pb_text _builder_version=&#8221;4.24.0&#8243; _module_preset=&#8221;default&#8221; text_text_color=&#8221;#000000&#8243; header_2_line_height=&#8221;1.2em&#8221; custom_margin=&#8221;-25px||||false|false&#8221; custom_padding=&#8221;1px||||false|false&#8221; header_2_font_size_tablet=&#8221;&#8221; header_2_font_size_phone=&#8221;32px&#8221; header_2_font_size_last_edited=&#8221;on|phone&#8221; global_colors_info=&#8221;{}&#8221;]<\/p>\n<div class=\"page\" title=\"Page 2\">\n<div class=\"layoutArea\">\n<div class=\"column\">\n<h2><span style=\"color: #b28b33;\"><strong><span>Elecci\u00f3 de la data i tipus de boda<\/span><\/strong><\/span><\/h2>\n<p>\u00a0<span style=\"font-size: 14px;\">El primer pas per a planificar\u00a0 <strong>una boda<\/strong> \u00e9s triar la data de l&#8217;esdeveniment i definir el tipus de boda que es desitja tenir. La data de la boda \u00e9s un element fonamental, ja que determinar\u00e0 la resta de la planificaci\u00f3 i permetr\u00e0 establir un <strong>calendari<\/strong> clar per a les tasques a realitzar.<\/span><\/p>\n<p><span>En seleccionar la data, \u00e9s important tenir en compte factors com la <strong>disponibilitat<\/strong> dels llocs de cerim\u00f2nia i recepci\u00f3, <strong>l&#8217;\u00e8poca de l&#8217;any<\/strong> i l&#8217;agenda de convidats importants. Tamb\u00e9 \u00e9s recomanable consultar el pron\u00f2stic del <strong>clima<\/strong> per a aquesta data espec\u00edfica, especialment si es planeja una boda a l&#8217;aire lliure.<\/span><\/p>\n<p><span>Una vegada establerta la data, \u00e9s moment de definir el<strong> tipus de boda<\/strong> que es desitja. Poden considerar unes noces religioses, civil o fins i tot tem\u00e0tica, depenent de les seves prefer\u00e8ncies i creences. Aquesta elecci\u00f3 influir\u00e0 en diversos aspectes de la planificaci\u00f3, com la cerim\u00f2nia, els rituals i les tradicions a seguir durant l&#8217;esdeveniment.<\/span><\/p>\n<p><span>L&#8217;elecci\u00f3 de la data i tipus de boda marcar\u00e0 l&#8217;inici de l&#8217;emocionant aventura de <strong>planificar<\/strong> i <strong>organitzar<\/strong> tots els detalls perqu\u00e8 el gran dia sigui tal com els nuvis han somiat.<\/span><\/p>\n<\/div>\n<\/div>\n<\/div>\n<p>[\/et_pb_text][\/et_pb_column][\/et_pb_row][et_pb_row column_structure=&#8221;1_2,1_2&#8243; _builder_version=&#8221;4.24.0&#8243; _module_preset=&#8221;default&#8221; global_colors_info=&#8221;{}&#8221;][et_pb_column type=&#8221;1_2&#8243; _builder_version=&#8221;4.24.0&#8243; _module_preset=&#8221;default&#8221; global_colors_info=&#8221;{}&#8221;][et_pb_text _builder_version=&#8221;4.24.0&#8243; _module_preset=&#8221;default&#8221; min_height=&#8221;504.3px&#8221; custom_margin=&#8221;|-55px||||&#8221; custom_padding=&#8221;|0px||||&#8221; global_colors_info=&#8221;{}&#8221;]<\/p>\n<h2><span style=\"color: #b28b33;\"><strong><span>Llista de convidats i pressupost\u00a0<\/span><\/strong><\/span><\/h2>\n<p><span style=\"font-size: 14px; color: #000000;\">Un dels aspectes fonamentals en la planificaci\u00f3 d&#8217;una boda \u00e9s l&#8217;elaboraci\u00f3 de l<strong>a llista de convidats<\/strong> i <strong>la gesti\u00f3 del pressupost.<\/strong> Tots dos aspectes estan estretament relacionats, ja que el nombre de convidats determinar\u00e0 gran part del pressupost que es destinar\u00e0 a diferents aspectes de la boda.<\/span><\/p>\n<p><span style=\"color: #000000;\">En primer lloc, \u00e9s important <strong>asseure&#8217;s amb la parella<\/strong> i discutir <strong>quantes<\/strong> persones desitgen convidar. Aix\u00f2 pot incloure a familiars, amics pr\u00f2xims i potser alguns companys de treball. \u00c9s recomanable fer una llista preliminar i despr\u00e9s revisar-la per a assegurar-se que no hi hagi oblits ni convidats no desitjats.<\/span><\/p>\n<p><span style=\"color: #000000;\">Una vegada que la llista estigui m\u00e9s o menys consolidada, \u00e9s moment d&#8217;analitzar <strong>el pressupost disponible<\/strong> per a la boda. Aix\u00f2 permetr\u00e0 determinar quant es pot destinar per convidat en diferents aspectes, com el lloc de la cerim\u00f2nia i recepci\u00f3, el menjar, la decoraci\u00f3, els obsequis per als convidats, entre altres.<\/span><\/p>\n<p>[\/et_pb_text][\/et_pb_column][et_pb_column type=&#8221;1_2&#8243; _builder_version=&#8221;4.24.0&#8243; _module_preset=&#8221;default&#8221; global_colors_info=&#8221;{}&#8221;][et_pb_image src=&#8221;https:\/\/cateringfelix.net\/wp-content\/uploads\/2024\/02\/LIFE-F_L-Color-362-2_11zon.jpg&#8221; alt=&#8221;C\u00f3mo empezar a planificar una boda&#8221; title_text=&#8221;C\u00f3mo empezar a planificar una boda&#8221; align=&#8221;right&#8221; _builder_version=&#8221;4.24.0&#8243; _module_preset=&#8221;default&#8221; width=&#8221;88%&#8221; custom_margin=&#8221;||||false|false&#8221; global_colors_info=&#8221;{}&#8221;][\/et_pb_image][\/et_pb_column][\/et_pb_row][et_pb_row _builder_version=&#8221;4.24.0&#8243; _module_preset=&#8221;default&#8221; custom_margin=&#8221;|auto||auto|false|false&#8221; global_colors_info=&#8221;{}&#8221;][et_pb_column type=&#8221;4_4&#8243; _builder_version=&#8221;4.24.0&#8243; _module_preset=&#8221;default&#8221; global_colors_info=&#8221;{}&#8221;][et_pb_text _builder_version=&#8221;4.24.0&#8243; _module_preset=&#8221;default&#8221; custom_margin=&#8221;||||false|false&#8221; global_colors_info=&#8221;{}&#8221;]<\/p>\n<h2><strong style=\"color: #b28b33; font-size: 26px;\"><span class=\"hiddenSpellError\">Tr\u00e0mits legals i preparatius a 6 mesos de l&#8217;esdeveniment<\/span><\/strong><\/h2>\n<p><span style=\"color: #000000;\"><span>A mesura que s&#8217;acosta el gran dia de la boda, \u00e9s important comen\u00e7ar a organitzar els <strong>tr\u00e0mits legals<\/strong> i realitzar els preparatius necessaris. A <strong>6 mesos<\/strong> de l&#8217;esdeveniment, hi ha diverses tasques clau que has de tenir en compte per a garantir que tot estigui en ordre:<\/span><\/span><\/p>\n<ul>\n<li><span style=\"color: #000000;\"><strong>Expedient matrimonial:<\/strong>\u00a0Aquest \u00e9s el moment d&#8217;iniciar l&#8217;expedient matrimonial en el registre civil corresponent. Assegura&#8217;t de complir amb tots els requisits legals i presentar la documentaci\u00f3 necess\u00e0ria.<\/span><\/li>\n<li><span style=\"color: #000000;\"><strong>Oficiant de la boda:<\/strong> Cerca i tria a l&#8217;oficiant que celebrar\u00e0 la teva cerim\u00f2nia. Pot ser un jutge, un alcalde o qualsevol altra persona autoritzada per a oficiar\u00a0bodas\u00a0civils. Comunica&#8217;t amb ells i assegura&#8217;t de reservar la data.<\/span><\/li>\n<li><span style=\"color: #000000;\"><strong>M\u00fasica:<\/strong> Decideix quina m\u00fasica vols que soni en la teva boda. Pensa en la cerim\u00f2nia, el c\u00f2ctel i la festa. Tria les can\u00e7ons o melodies que reflecteixin el teu estil i personalitat com a parella.<\/span><\/li>\n<li><span style=\"color: #000000;\"><strong>Invitacions i detalls:\u00a0<\/strong>Comen\u00e7a a dissenyar i preparar les invitacions de la boda. Decideix quins detalls especials vols incloure per als teus convidats, com a regals d&#8217;agra\u00efment o petits obsequis.<\/span><\/li>\n<li><span style=\"color: #000000;\"><strong>Confirmaci\u00f3 d&#8217;assist\u00e8ncia:\u00a0<\/strong>Comen\u00e7a a contactar als teus convidats per a confirmar la seva assist\u00e8ncia. Aix\u00f2 t&#8217;ajudar\u00e0 a tenir una idea m\u00e9s clara del nombre de persones que vindran a la boda.<\/span><\/li>\n<\/ul>\n<p><span style=\"color: #000000;\">Recorda que aquests s\u00f3n nom\u00e9s alguns dels<strong> tr\u00e0mits legals<\/strong> i <strong>preparatius<\/strong> que has de considerar a 6 mesos de l&#8217;esdeveniment. \u00c9s important estar al corrent dels terminis i requisits per a evitar contratemps i assegurar-te que tot estigui en ordre en el dia m\u00e9s important de la teva vida.<\/span><\/p>\n<p>[\/et_pb_text][\/et_pb_column][\/et_pb_row][et_pb_row column_structure=&#8221;1_2,1_2&#8243; _builder_version=&#8221;4.24.0&#8243; _module_preset=&#8221;default&#8221; global_colors_info=&#8221;{}&#8221;][et_pb_column type=&#8221;1_2&#8243; _builder_version=&#8221;4.24.0&#8243; _module_preset=&#8221;default&#8221; global_colors_info=&#8221;{}&#8221;][et_pb_image src=&#8221;https:\/\/cateringfelix.net\/wp-content\/uploads\/2024\/02\/AnaLucia_Gonzalo-315-2.jpg&#8221; alt=&#8221;C\u00f3mo empezar a planificar una boda&#8221; title_text=&#8221;C\u00f3mo empezar a planificar una boda&#8221; _builder_version=&#8221;4.24.0&#8243; _module_preset=&#8221;default&#8221; global_colors_info=&#8221;{}&#8221;][\/et_pb_image][\/et_pb_column][et_pb_column type=&#8221;1_2&#8243; _builder_version=&#8221;4.24.0&#8243; _module_preset=&#8221;default&#8221; global_colors_info=&#8221;{}&#8221;][et_pb_image src=&#8221;https:\/\/cateringfelix.net\/wp-content\/uploads\/2024\/02\/AnaLucia_Gonzalo-362-2-2.jpg&#8221; alt=&#8221;C\u00f3mo empezar a planificar una boda&#8221; title_text=&#8221;C\u00f3mo empezar a planificar una boda&#8221; _builder_version=&#8221;4.24.0&#8243; _module_preset=&#8221;default&#8221; global_colors_info=&#8221;{}&#8221;][\/et_pb_image][\/et_pb_column][\/et_pb_row][et_pb_row _builder_version=&#8221;4.24.0&#8243; _module_preset=&#8221;default&#8221; custom_margin=&#8221;|auto||auto|false|false&#8221; global_colors_info=&#8221;{}&#8221;][et_pb_column type=&#8221;4_4&#8243; _builder_version=&#8221;4.21.0&#8243; _module_preset=&#8221;default&#8221; global_colors_info=&#8221;{}&#8221;][et_pb_text _builder_version=&#8221;4.24.0&#8243; _module_preset=&#8221;default&#8221; text_text_color=&#8221;#000000&#8243; custom_margin=&#8221;||||false|false&#8221; custom_padding=&#8221;||0px|||&#8221; global_colors_info=&#8221;{}&#8221;]<\/p>\n<h2><span style=\"color: #b28b33;\"><strong><span>Prove\u00efdors i estil de la boda<\/span><\/strong><\/span><\/h2>\n<p style=\"text-align: justify;\"><span>En aquesta etapa de la planificaci\u00f3 de la boda, \u00e9s fonamental seleccionar els <strong>prove\u00efdors<\/strong> adequats que contribuiran a fer realitat <strong>l&#8217;estil<\/strong> i <strong>l&#8217;est\u00e8tica<\/strong> que els nuvis desitgen per al seu gran dia.<\/span><\/p>\n<h3><span style=\"color: #b28b33;\"><span>Fot\u00f2graf,\u00a0<\/span><span>vide\u00f2graf<\/span><span> i c\u00e0tering<\/span><\/span><\/h3>\n<p><span>El <strong>fot\u00f2graf<\/strong> i el\u00a0<\/span><strong>vide\u00f2graf<\/strong><span> s\u00f3n professionals essencials per a capturar tots els moments especials de la boda i crear records duradors. \u00c9s recomanable fer una recerca exhaustiva, revisar el seu portfoli<\/span><span>\u00a0i llegir ressenyes d&#8217;altres clients abans de prendre una decisi\u00f3.<\/span><\/p>\n<p><span>Aix\u00ed mateix, en triar el <a href=\"https:\/\/cateringfelix.net\/catering-de-bodas-en-tarragona\/\"><strong>c\u00e0tering<\/strong><\/a>, \u00e9s important considerar el tipus de menjar que es desitja oferir, aix\u00ed com les necessitats aliment\u00e0ries dels convidats. Un bon c\u00e0tering no sols ofereix deliciosos plats, sin\u00f3 que tamb\u00e9 s&#8217;encarrega de la <strong>presentaci\u00f3<\/strong> i <strong>l&#8217;atenci\u00f3<\/strong> dels comensals durant l&#8217;esdeveniment.<\/span><\/p>\n<h3><span style=\"color: #b28b33;\"><span>Decoraci\u00f3 i vestimenta<\/span><\/span><\/h3>\n<p><span>La <strong>decoraci\u00f3<\/strong> juga un paper fonamental en la creaci\u00f3 de <strong>l&#8217;ambient<\/strong> i <strong>l&#8217;estil de la boda.<\/strong> Des de les flors fins a la il\u00b7luminaci\u00f3, cada detall ha de ser acuradament planificat per a complementar la tem\u00e0tica triada pels nuvis.<\/span><\/p>\n<p><span>Quant a la <strong>vestimenta<\/strong>, tant el vestit de n\u00favia com el vestit del nuvi han de reflectir la seva personalitat i complir amb l&#8217;estil de la boda. \u00c9s recomanable visitar diferents botigues, provar diferents opcions i consultar amb professionals per a trobar la vestimenta perfecte.<\/span><\/p>\n<p>[\/et_pb_text][\/et_pb_column][\/et_pb_row][et_pb_row _builder_version=&#8221;4.24.0&#8243; _module_preset=&#8221;default&#8221; custom_margin=&#8221;|auto||auto|false|false&#8221; custom_padding=&#8221;3px|||||&#8221; global_colors_info=&#8221;{}&#8221;][et_pb_column type=&#8221;4_4&#8243; _builder_version=&#8221;4.24.0&#8243; _module_preset=&#8221;default&#8221; global_colors_info=&#8221;{}&#8221;][et_pb_text _builder_version=&#8221;4.24.0&#8243; _module_preset=&#8221;default&#8221; text_text_color=&#8221;#000000&#8243; min_height=&#8221;336.8px&#8221; custom_margin=&#8221;5px|||||&#8221; custom_padding=&#8221;||0px|||&#8221; locked=&#8221;off&#8221; global_colors_info=&#8221;{}&#8221;]<\/p>\n<h2><span style=\"color: #b28b33;\"><strong><span>Reserva de transport, allotjament i est\u00e8tica pr\u00e8via a la boda<\/span><\/strong><\/span><\/h2>\n<p><span>La reserva de <strong>transport<\/strong> i <strong>allotjament<\/strong> per als convidats que viatjaran des d&#8217;altres llocs \u00e9s una tasca important a considerar en la planificaci\u00f3 d&#8217;una boda. Assegurar-se que tots els convidats tinguin opcions de transport c\u00f2modes i convenients contribuir\u00e0 al fet que gaudeixin plenament de l&#8217;esdeveniment. \u00c9s recomanable investigar diferents opcions de transport, ja sigui amb avi\u00f3, tren o autob\u00fas, i compartir aquesta informaci\u00f3 amb els convidats perqu\u00e8 puguin fer les seves pr\u00f2pies reserves.<\/span><\/p>\n<p><span>Quant a <strong>l&#8217;allotjament<\/strong>, \u00e9s fonamental reservar habitacions en hotels pr\u00f2xims al lloc de la cerim\u00f2nia i recepci\u00f3. \u00c9s possible que alguns convidats prefereixin quedar-se en el mateix lloc on se celebri la boda, per la qual cosa \u00e9s important assegurar-se que hi hagi <strong>disponibilitat suficient.<\/strong> A m\u00e9s, oferir opcions d&#8217;allotjament alternatives com a apartaments o cases de lloguer pot ser una bona opci\u00f3 per a aquells convidats que prefereixin un ambient m\u00e9s privat.<\/span><\/p>\n<p><span><strong>L&#8217;est\u00e8tica<\/strong> pr\u00e8via a la boda tamb\u00e9 \u00e9s un aspecte a tenir en compte. \u00c9s recomanable <strong>reservar cites<\/strong> amb temps suficient en <strong>salons de bellesa<\/strong> o <strong>perruqueries<\/strong> per a realitzar proves de pentinat i maquillatge. \u00c9s important trobar un equip de professionals que s&#8217;ajusti als gustos i prefer\u00e8ncies de la parella, i que puguin proporcionar el resultat desitjat per a lluir radiant en el gran dia.<\/span><strong><\/strong><\/p>\n<h2><strong><span style=\"color: #b28b33;\"><span>Detalls a 2-3 mesos de la boda<\/span><\/span><\/strong><\/h2>\n<p class=\"intro\"><span>Arribant<\/span><span>\u00a0<\/span><span>als<\/span><span>\u00a0<\/span><strong>\u00faltims\u00a0mesos\u00a0previs a la boda<\/strong><span>,\u00a0<\/span><span>\u00e9s<\/span><span>\u00a0el\u00a0<\/span><span>moment<\/span><span>\u00a0d&#8217;afinar\u00a0<\/span><span>els<\/span><span>\u00a0<\/span><span>detalls<\/span><span> que donen vida i <\/span><span>personalitat<\/span><span>\u00a0a l&#8217;<\/span><span>esdeveniment<\/span><span>. En\u00a0<\/span><span>aquesta<\/span><span>\u00a0etapa, s&#8217;han de\u00a0<\/span><span>tenir<\/span><span>\u00a0en\u00a0<\/span><span>compte<\/span><span>\u00a0dos\u00a0<\/span><span>aspectes<\/span><span>\u00a0<\/span><span>fonamentals<\/span><span>: <strong>les <\/strong><\/span><strong>flors<\/strong><span><strong>,<\/strong> <strong>la m\u00fasica<\/strong> i <strong>el men\u00fa<\/strong>,\u00a0<\/span><span>elements<\/span><span> que marquen l&#8217;<\/span><span>atmosfera, <\/span><span>el\u00a0<\/span><span>gust<\/span><span>\u00a0<\/span><span>dels<\/span><span>\u00a0<\/span><span>nuvis<\/span><span>\u00a0i la\u00a0<\/span><span>coordinaci\u00f3<\/span><span>\u00a0<\/span><span>amb<\/span><span>\u00a0<\/span><span>prove\u00efdors<\/span><span>\u00a0i els\u00a0<\/span><span>confirmacions<\/span><span>\u00a0<\/span><span>finals<\/span><span>\u00a0<\/span><span>per<\/span><span>\u00a0a\u00a0<\/span><span>garantir<\/span><span>\u00a0que\u00a0<\/span><span>tot<\/span><span>\u00a0<\/span><span>estigui<\/span><span>\u00a0en\u00a0<\/span><span>ordre<\/span><span>\u00a0<\/span><span>per<\/span><span>\u00a0al dia especial.<\/span><\/p>\n<h3><span style=\"color: #b28b33;\"><span>Flors, m\u00fasica i men\u00fa<\/span><\/span><\/h3>\n<p><span>Les <strong>flors<\/strong> s\u00f3n un element clau per a <strong>decorar la cerim\u00f2nia<\/strong> i <strong>la recepci\u00f3.<\/strong> \u00c9s important triar les flors adequades que reflecteixin l&#8217;estil i els colors desitjats. A m\u00e9s, s&#8217;han de definir quins arranjaments florals s&#8217;utilitzaran, com el ram de la n\u00favia, els centres de taula i els adorns per al lloc de la cerim\u00f2nia.<\/span><\/p>\n<p><span>La <strong>m\u00fasica<\/strong> \u00e9s un altre element fonamental per a crear <strong>l&#8217;atmosfera adequada.<\/strong> \u00c9s el moment de seleccionar les can\u00e7ons que s&#8217;utilitzaran durant la cerim\u00f2nia, el banquet i el ball dels nuvis. Tant la m\u00fasica en viu com la m\u00fasica gravada han de ser considerades, assegurant-se que reflecteixin els gustos i la personalitat de la parella.<\/span><\/p>\n<p><span>El <strong>men\u00fa<\/strong> de boda \u00e9s una part important de la celebraci\u00f3. S&#8217;han de triar els plats i begudes que se serviran, tenint en compte les <strong>prefer\u00e8ncies dels convidats<\/strong> i la <strong>tem\u00e0tica de la boda.<\/strong> \u00c9s recomanable oferir opcions per a satisfer els diferents gustos i necessitats aliment\u00e0ries dels convidats.<\/span><\/p>\n<h3><span style=\"color: #b28b33;\"><span>Coordinaci\u00f3 amb prove\u00efdors i confirmacions<\/span><\/span><\/h3>\n<p><span>En aquesta etapa, \u00e9s crucial mantenir una bona <strong>comunicaci\u00f3<\/strong> i coordinaci\u00f3 amb tots els <strong>prove\u00efdors<\/strong> contractats. S&#8217;han de repassar els contractes i confirmar els detalls finals, com a horaris de lliurament i muntatge, assegurant que tot estigui en ordre per al dia de la boda.<\/span><\/p>\n<p><span>Aix\u00ed mateix, \u00e9s important realitzar les \u00faltimes <strong>confirmacions<\/strong> amb els <strong>convidats<\/strong>. Aix\u00f2 inclou assegurar-se que els convidats hagin rebut les invitacions i confirmar la seva assist\u00e8ncia. Tamb\u00e9 \u00e9s el moment de recopilar informaci\u00f3 rellevant, com a possibles <strong>al\u00b7l\u00e8rgies aliment\u00e0ries<\/strong> o <strong>requeriments especials<\/strong>, per a garantir una experi\u00e8ncia \u00f2ptima per a tots.<\/span><span><\/span><\/p>\n<p><span><\/span><\/p>\n<ul>\n<li><span>Seleccionar les flors adequades que reflecteixin l&#8217;estil i els colors desitjats<\/span><\/li>\n<li><span>Triar arranjaments florals per al ram de la n\u00favia, els centres de taula i la decoraci\u00f3 de la cerim\u00f2nia<\/span><\/li>\n<li><span>Seleccionar les can\u00e7ons que s&#8217;utilitzaran durant la cerim\u00f2nia, el banquet i el ball dels nuvis<\/span><\/li>\n<li><span>Triar el men\u00fa de la boda tenint en compte les prefer\u00e8ncies dels convidats i la tem\u00e0tic<\/span><\/li>\n<li><span>Mantenir una comunicaci\u00f3 constant amb els prove\u00efdors i confirmar els detalls finals<\/span><\/li>\n<li><span>Realitzar les \u00faltimes confirmacions d&#8217;assist\u00e8ncia amb els convidats i recopilar informaci\u00f3 rellevant<\/span><\/li>\n<\/ul>\n<h2><strong><span style=\"color: #b28b33;\"><span>Tasques a realitzar a 1 mes de la boda<\/span><\/span><\/strong><\/h2>\n<p><span>El gran dia est\u00e0 a nom\u00e9s un mes de dist\u00e0ncia i \u00e9s el moment d&#8217;ocupar-se dels \u00faltims preparatius per a assegurar-se que tot surti a la perfecci\u00f3. Aqu\u00ed tens un cop d&#8217;ull a les tasques clau que has de realitzar en aquest punt:<\/span><\/p>\n<ul>\n<li><span><strong>Confirmaci\u00f3 de l&#8217;assist\u00e8ncia dels convidats:\u00a0<\/strong>Posa&#8217;t en contacte amb tots els convidats per a assegurar-te que han rebut la invitaci\u00f3 i confirmar la seva pres\u00e8ncia a la boda. Aix\u00f2 t&#8217;ajudar\u00e0 a finalitzar els ajustos log\u00edstics i de servei d&#8217;\u00e0pats.<\/span><\/li>\n<li><span><strong>Recollida del vestit de n\u00favia\u00a0 o nuvi: <\/strong>Si encara no ho has fet, \u00e9s el moment de visitar la botiga o taller i recollir el teu vestit. Assegura&#8217;t de realitzar les proves finals i que tot est\u00e0 en ordre per al gran dia.<\/span><\/li>\n<li><span><strong>Preparaci\u00f3 de les maletes per a la lluna de mel:\u00a0<\/strong>Si tens plans de viatjar directament des de la boda a la teva lluna de mel, assegura&#8217;t de tenir preparades les maletes amb tot el necessari. Realitza una llista de verificaci\u00f3 per a assegurar-te que no oblides res important.<\/span><\/li>\n<li><span><strong>Celebraci\u00f3 del comiat de solter\/a:\u00a0<\/strong>Si encara no has celebrat el teu comiat de solter\/a, \u00e9s el moment adequat per a organitzar-la. Pots fer-ho de manera \u00edntima amb els teus amics m\u00e9s pr\u00f2xims o planificar una festa m\u00e9s elaborada, segons les teves prefer\u00e8ncies.<\/span><\/li>\n<li><span><strong>Sopar prenoces: <\/strong>Organitza un sopar prenoces amb els teus sers estimats m\u00e9s pr\u00f2xims per a gaudir d&#8217;un moment especial junts abans del gran dia. Pots triar un restaurant o fins i tot organitzar una reuni\u00f3 m\u00e9s informal a casa.<\/span><\/li>\n<\/ul>\n<p><span>Assegura&#8217;t de completar aquestes tasques amb suficient antelaci\u00f3 per a evitar qualsevol contratemps d&#8217;\u00faltima hora. Una vegada que hagis acabat amb aquestes tasques, estar\u00e0s un pas m\u00e9s prop de gaudir d&#8217;un dia inoblidable.<\/span><\/p>\n<p style=\"text-align: justify;\">\n<p>[\/et_pb_text][\/et_pb_column][\/et_pb_row][et_pb_row _builder_version=&#8221;4.21.0&#8243; _module_preset=&#8221;default&#8221; custom_margin=&#8221;-29px|auto||auto||&#8221; custom_padding=&#8221;0px||0px|||&#8221; locked=&#8221;off&#8221; global_colors_info=&#8221;{}&#8221;][et_pb_column type=&#8221;4_4&#8243; _builder_version=&#8221;4.21.0&#8243; _module_preset=&#8221;default&#8221; global_colors_info=&#8221;{}&#8221;][et_pb_text _builder_version=&#8221;4.24.0&#8243; _module_preset=&#8221;default&#8221; text_text_color=&#8221;#000000&#8243; custom_margin=&#8221;-1px|||||&#8221; custom_padding=&#8221;0px|||||&#8221; global_colors_info=&#8221;{}&#8221;]<\/p>\n<p><span>Esperem que aquest blog us hagi servit.<\/span><span> A m\u00e9s a <a href=\"https:\/\/cateringfelix.net\"><strong>F\u00e9lix\u00a0<\/strong><\/a><\/span><a href=\"https:\/\/cateringfelix.net\"><strong>Catering<\/strong><\/a><span>\u00a0tamb\u00e9 tenim una\u00a0<\/span><a href=\"https:\/\/cateringfelix.net\/wedding-planner-en-tarragona\/\"><strong>wedding\u00a0planner<\/strong><\/a><span> i altres serveis com a servei de <strong><a href=\"https:\/\/cateringfelix.net\/catering-de-bodas-en-tarragona\/\">c\u00e0tering<\/a><\/strong> per a esdevenimnets <\/span><span>que<\/span><span>\u00a0us pot acompanyar durant tot el proc\u00e9s!<\/span><\/p>\n<p>[\/et_pb_text][\/et_pb_column][\/et_pb_row][\/et_pb_section][et_pb_section fb_built=&#8221;1&#8243; _builder_version=&#8221;4.16&#8243; _module_preset=&#8221;default&#8221; background_color=&#8221;#5F4B8B&#8221; custom_margin=&#8221;0px||0px||false|false&#8221; custom_padding=&#8221;0px||0px||false|false&#8221; locked=&#8221;off&#8221; global_colors_info=&#8221;{}&#8221;][et_pb_row use_custom_gutter=&#8221;on&#8221; gutter_width=&#8221;1&#8243; make_equal=&#8221;on&#8221; _builder_version=&#8221;4.16&#8243; _module_preset=&#8221;default&#8221; background_color=&#8221;#FFFFFF&#8221; width=&#8221;100%&#8221; max_width=&#8221;100%&#8221; border_radii=&#8221;off|||50px|50px&#8221; global_colors_info=&#8221;{}&#8221;][et_pb_column type=&#8221;4_4&#8243; _builder_version=&#8221;4.16&#8243; _module_preset=&#8221;default&#8221; global_colors_info=&#8221;{}&#8221;][\/et_pb_column][\/et_pb_row][\/et_pb_section][et_pb_section fb_built=&#8221;1&#8243; _builder_version=&#8221;4.16&#8243; _module_preset=&#8221;default&#8221; background_color=&#8221;#5F4B8B&#8221; custom_margin=&#8221;||0px||false|false&#8221; custom_padding=&#8221;||0px||false|false&#8221; global_colors_info=&#8221;{}&#8221;][et_pb_row column_structure=&#8221;1_3,1_3,1_3&#8243; _builder_version=&#8221;4.16&#8243; _module_preset=&#8221;default&#8221; scroll_vertical_motion_enable=&#8221;on&#8221; scroll_vertical_motion=&#8221;0|50|50|100|-2|0|1&#8243; motion_trigger_start=&#8221;top&#8221; scroll_vertical_motion_tablet=&#8221;0|50|50|100|-2|0|1&#8243; scroll_vertical_motion_phone=&#8221;0|50|50|100|-2|0|0&#8243; scroll_vertical_motion_last_edited=&#8221;on|phone&#8221; global_colors_info=&#8221;{}&#8221;][et_pb_column type=&#8221;1_3&#8243; _builder_version=&#8221;4.16&#8243; _module_preset=&#8221;default&#8221; global_colors_info=&#8221;{}&#8221;][et_pb_image src=&#8221;https:\/\/cateringfelix.net\/wp-content\/uploads\/2022\/04\/xlogo-noces-e1556179433372.png.pagespeed.ic_.glYaKTAgDP.png&#8221; title_text=&#8221;xlogo-noces-e1556179433372.png.pagespeed.ic_.glYaKTAgDP&#8221; _builder_version=&#8221;4.16&#8243; _module_preset=&#8221;default&#8221; width=&#8221;150px&#8221; global_colors_info=&#8221;{}&#8221;][\/et_pb_image][et_pb_text _builder_version=&#8221;4.16&#8243; _module_preset=&#8221;default&#8221; text_text_color=&#8221;#FFFFFF&#8221; link_text_color=&#8221;#FFFFFF&#8221; global_colors_info=&#8221;{}&#8221;]<\/p>\n<p>De la experiencia de nuestro restaurante nace F\u00e9lix Catering. Descubre nuestros servicios de <strong><a href=\"https:\/\/cateringfelix.net\/ca\/catering-de-bodes-a-tarragona\/\">catering para bodas en Tarragona<\/a><\/strong>con espacios de bodas situados entre Tarragona y Lleida<strong>, <\/strong>y <strong><a href=\"https:\/\/cateringfelix.net\/ca\/catering-per-empreses-a-tarragona\/\">catering para empresas en Tarragona.<\/a><\/strong> No s\u00f3lo te ofrecemos una amplia variedad gastron\u00f3mica, sino tambi\u00e9n uno sirve exclusivo de <strong><a href=\"https:\/\/cateringfelix.net\/ca\/catering-per-esdeveniments-a-tarragona\/\">organizaci\u00f3n de eventos en Tarragona<\/a> <\/strong>con la posibilidad de tener una <strong><a href=\"https:\/\/cateringfelix.net\/ca\/wedding-planner-a-tarragona\/\">Wedding Planner en Tarragona.<\/a><\/strong><\/p>\n<p>[\/et_pb_text][\/et_pb_column][et_pb_column type=&#8221;1_3&#8243; _builder_version=&#8221;4.16&#8243; _module_preset=&#8221;default&#8221; global_colors_info=&#8221;{}&#8221;][et_pb_text _builder_version=&#8221;4.16&#8243; _module_preset=&#8221;default&#8221; text_font=&#8221;|700||on|||||&#8221; text_text_color=&#8221;#FFFFFF&#8221; global_colors_info=&#8221;{}&#8221;]<\/p>\n<p>Encuentranos tambi\u00e9n en<\/p>\n<p>[\/et_pb_text][et_pb_image src=&#8221;https:\/\/cateringfelix.net\/wp-content\/uploads\/2022\/04\/logo_bodas_net.png&#8221; title_text=&#8221;logo_bodas_net&#8221; _builder_version=&#8221;4.16&#8243; _module_preset=&#8221;default&#8221; width=&#8221;180px&#8221; global_colors_info=&#8221;{}&#8221;][\/et_pb_image][et_pb_text _builder_version=&#8221;4.16&#8243; _module_preset=&#8221;default&#8221; text_font=&#8221;|700||on|||||&#8221; text_text_color=&#8221;#FFFFFF&#8221; global_colors_info=&#8221;{}&#8221;]<\/p>\n<p>Redes sociales<\/p>\n<p>[\/et_pb_text][et_pb_social_media_follow _builder_version=&#8221;4.16&#8243; _module_preset=&#8221;default&#8221; global_colors_info=&#8221;{}&#8221;][et_pb_social_media_follow_network social_network=&#8221;instagram&#8221; url=&#8221;https:\/\/www.instagram.com\/catering.felix\/&#8221; use_icon_font_size=&#8221;on&#8221; icon_font_size=&#8221;18px&#8221; _builder_version=&#8221;4.16&#8243; _module_preset=&#8221;default&#8221; background_enable_color=&#8221;off&#8221; global_colors_info=&#8221;{}&#8221; follow_button=&#8221;off&#8221; url_new_window=&#8221;on&#8221;]instagram[\/et_pb_social_media_follow_network][et_pb_social_media_follow_network social_network=&#8221;facebook&#8221; url=&#8221;https:\/\/www.facebook.com\/felixhotelvalls&#8221; _builder_version=&#8221;4.16&#8243; _module_preset=&#8221;default&#8221; background_enable_color=&#8221;off&#8221; global_colors_info=&#8221;{}&#8221; follow_button=&#8221;off&#8221; url_new_window=&#8221;on&#8221;]facebook[\/et_pb_social_media_follow_network][\/et_pb_social_media_follow][\/et_pb_column][et_pb_column type=&#8221;1_3&#8243; _builder_version=&#8221;4.16&#8243; _module_preset=&#8221;default&#8221; global_colors_info=&#8221;{}&#8221;][et_pb_text _builder_version=&#8221;4.16&#8243; _module_preset=&#8221;default&#8221; text_font=&#8221;|700||on|||||&#8221; text_text_color=&#8221;#FFFFFF&#8221; global_colors_info=&#8221;{}&#8221;]<\/p>\n<p>Mapa del sitio<\/p>\n<p>[\/et_pb_text][et_pb_text _builder_version=&#8221;4.16&#8243; _module_preset=&#8221;default&#8221; text_text_color=&#8221;#FFFFFF&#8221; link_text_color=&#8221;#FFFFFF&#8221; global_colors_info=&#8221;{}&#8221;]<\/p>\n<p><a href=\"https:\/\/cateringfelix.net\/ca\/blog\/\">Blog<\/a><\/p>\n<p><a href=\"https:\/\/cateringfelix.net\/ca\/catering-de-bodes-a-tarragona\/\">Bodas<\/a><\/p>\n<p><a href=\"https:\/\/cateringfelix.net\/ca\/contacte\/\">Contacto<\/a><\/p>\n<p><a href=\"\/\">Inicio<\/a><\/p>\n<p><a href=\"https:\/\/cateringfelix.net\/ca\/catering-per-esdeveniments-a-tarragona\/\">Nosotros<\/a><\/p>\n<p><a href=\"https:\/\/cateringfelix.net\/ca\/wedding-planner-a-tarragona\/\">Wedding Planner<\/a><br \/><a href=\"https:\/\/cateringfelix.net\/ca\/wedding-planner-a-tarragona\/\">&amp; Protocol<\/a><\/p>\n<p>[\/et_pb_text][\/et_pb_column][\/et_pb_row][et_pb_row _builder_version=&#8221;4.16&#8243; _module_preset=&#8221;default&#8221; background_color=&#8221;#4e328c&#8221; width=&#8221;100%&#8221; max_width=&#8221;100%&#8221; custom_margin=&#8221;30px||||false|false&#8221; custom_padding=&#8221;||||false|false&#8221; scroll_vertical_motion=&#8221;0|50|50|100|-2|0|3&#8243; scroll_blur_enable=&#8221;on&#8221; scroll_blur=&#8221;0|13|38|100|10|0|0&#8243; motion_trigger_start=&#8221;top&#8221; global_colors_info=&#8221;{}&#8221;][et_pb_column type=&#8221;4_4&#8243; _builder_version=&#8221;4.16&#8243; _module_preset=&#8221;default&#8221; global_colors_info=&#8221;{}&#8221;][et_pb_text _builder_version=&#8221;4.16&#8243; _module_preset=&#8221;default&#8221; text_text_color=&#8221;#FFFFFF&#8221; link_text_color=&#8221;#8d6cc9&#8243; global_colors_info=&#8221;{}&#8221;]<\/p>\n<p style=\"text-align: center;\">Design by<strong><a href=\"https:\/\/marketingparatunegocio.online\/\"> Olago<\/a><\/strong><\/p>\n<p>[\/et_pb_text][\/et_pb_column][\/et_pb_row][\/et_pb_section]<\/p>\n","protected":false},"excerpt":{"rendered":"<p>En este blog te ayudamos a como elegir la finca perfecta para tu boda. Apunta los factores a tener en cuenta a la hora de decantarte por una.<\/p>\n","protected":false},"author":12,"featured_media":2502,"comment_status":"closed","ping_status":"closed","sticky":false,"template":"","format":"standard","meta":{"_et_pb_use_builder":"on","_et_pb_old_content":"","_et_gb_content_width":"","_joinchat":[],"footnotes":""},"categories":[36,18,37,16,17,38,15],"tags":[],"class_list":["post-2482","post","type-post","status-publish","format-standard","has-post-thumbnail","hentry","category-decoraciones-de-boda-2-ca","category-decoraciones-de-boda","category-detalles-de-boda-ca","category-detalls-de-boda","category-localitzacio-de-bodes","category-proveedores-de-boda-ca","category-proveidors-de-boda"],"yoast_head":"<!-- This site is optimized with the Yoast SEO plugin v25.0 - https:\/\/yoast.com\/wordpress\/plugins\/seo\/ -->\n<title>Com planificar una boda | F\u00e8lix C\u00e0tering<\/title>\n<meta name=\"description\" content=\"Molts de vosaltres teniu dubtes sobre com planificar una boda, i \u00e9s comprensible. \u00c9s un proc\u00e9s que requereix molta atenci\u00f3 a cada detall.\" \/>\n<meta name=\"robots\" content=\"index, follow, max-snippet:-1, max-image-preview:large, max-video-preview:-1\" \/>\n<link rel=\"canonical\" href=\"https:\/\/cateringfelix.net\/ca\/como-planificar-una-boda\/\" \/>\n<meta property=\"og:locale\" content=\"ca_ES\" \/>\n<meta property=\"og:type\" content=\"article\" \/>\n<meta property=\"og:title\" content=\"Com planificar una boda | F\u00e8lix C\u00e0tering\" \/>\n<meta property=\"og:description\" content=\"Molts de vosaltres teniu dubtes sobre com planificar una boda, i \u00e9s comprensible. \u00c9s un proc\u00e9s que requereix molta atenci\u00f3 a cada detall.\" \/>\n<meta property=\"og:url\" content=\"https:\/\/cateringfelix.net\/ca\/como-planificar-una-boda\/\" \/>\n<meta property=\"og:site_name\" content=\"F\u00e8lix Catering\" \/>\n<meta property=\"article:published_time\" content=\"2024-03-20T12:26:39+00:00\" \/>\n<meta property=\"article:modified_time\" content=\"2024-10-29T03:29:27+00:00\" \/>\n<meta property=\"og:image\" content=\"https:\/\/cateringfelix.net\/wp-content\/uploads\/2024\/02\/103_11zon.jpg\" \/>\n\t<meta property=\"og:image:width\" content=\"2256\" \/>\n\t<meta property=\"og:image:height\" content=\"1504\" \/>\n\t<meta property=\"og:image:type\" content=\"image\/jpeg\" \/>\n<meta name=\"author\" content=\"Marta Borras\" \/>\n<meta name=\"twitter:card\" content=\"summary_large_image\" \/>\n<meta name=\"twitter:label1\" content=\"Escrit per\" \/>\n\t<meta name=\"twitter:data1\" content=\"Marta Borras\" \/>\n\t<meta name=\"twitter:label2\" content=\"Temps estimat de lectura\" \/>\n\t<meta name=\"twitter:data2\" content=\"11 minuts\" \/>\n<script type=\"application\/ld+json\" class=\"yoast-schema-graph\">{\"@context\":\"https:\/\/schema.org\",\"@graph\":[{\"@type\":\"WebPage\",\"@id\":\"https:\/\/cateringfelix.net\/ca\/como-planificar-una-boda\/\",\"url\":\"https:\/\/cateringfelix.net\/ca\/como-planificar-una-boda\/\",\"name\":\"Com planificar una boda | F\u00e8lix C\u00e0tering\",\"isPartOf\":{\"@id\":\"https:\/\/cateringfelix.net\/ca\/#website\"},\"primaryImageOfPage\":{\"@id\":\"https:\/\/cateringfelix.net\/ca\/como-planificar-una-boda\/#primaryimage\"},\"image\":{\"@id\":\"https:\/\/cateringfelix.net\/ca\/como-planificar-una-boda\/#primaryimage\"},\"thumbnailUrl\":\"https:\/\/cateringfelix.net\/wp-content\/uploads\/2024\/02\/103_11zon.jpg\",\"datePublished\":\"2024-03-20T12:26:39+00:00\",\"dateModified\":\"2024-10-29T03:29:27+00:00\",\"author\":{\"@id\":\"https:\/\/cateringfelix.net\/ca\/#\/schema\/person\/426dff92228e08422f16124dedab39da\"},\"description\":\"Molts de vosaltres teniu dubtes sobre com planificar una boda, i \u00e9s comprensible. \u00c9s un proc\u00e9s que requereix molta atenci\u00f3 a cada detall.\",\"breadcrumb\":{\"@id\":\"https:\/\/cateringfelix.net\/ca\/como-planificar-una-boda\/#breadcrumb\"},\"inLanguage\":\"ca\",\"potentialAction\":[{\"@type\":\"ReadAction\",\"target\":[\"https:\/\/cateringfelix.net\/ca\/como-planificar-una-boda\/\"]}]},{\"@type\":\"ImageObject\",\"inLanguage\":\"ca\",\"@id\":\"https:\/\/cateringfelix.net\/ca\/como-planificar-una-boda\/#primaryimage\",\"url\":\"https:\/\/cateringfelix.net\/wp-content\/uploads\/2024\/02\/103_11zon.jpg\",\"contentUrl\":\"https:\/\/cateringfelix.net\/wp-content\/uploads\/2024\/02\/103_11zon.jpg\",\"width\":2256,\"height\":1504,\"caption\":\"C\u00f3mo empezar a planificar una boda\"},{\"@type\":\"BreadcrumbList\",\"@id\":\"https:\/\/cateringfelix.net\/ca\/como-planificar-una-boda\/#breadcrumb\",\"itemListElement\":[{\"@type\":\"ListItem\",\"position\":1,\"name\":\"Portada\",\"item\":\"https:\/\/cateringfelix.net\/ca\/\"},{\"@type\":\"ListItem\",\"position\":2,\"name\":\"Com planificar una boda\"}]},{\"@type\":\"WebSite\",\"@id\":\"https:\/\/cateringfelix.net\/ca\/#website\",\"url\":\"https:\/\/cateringfelix.net\/ca\/\",\"name\":\"F\u00e8lix Catering\",\"description\":\"C\u00c1TERING &amp; EVENTS\",\"potentialAction\":[{\"@type\":\"SearchAction\",\"target\":{\"@type\":\"EntryPoint\",\"urlTemplate\":\"https:\/\/cateringfelix.net\/ca\/?s={search_term_string}\"},\"query-input\":{\"@type\":\"PropertyValueSpecification\",\"valueRequired\":true,\"valueName\":\"search_term_string\"}}],\"inLanguage\":\"ca\"},{\"@type\":\"Person\",\"@id\":\"https:\/\/cateringfelix.net\/ca\/#\/schema\/person\/426dff92228e08422f16124dedab39da\",\"name\":\"Marta Borras\",\"image\":{\"@type\":\"ImageObject\",\"inLanguage\":\"ca\",\"@id\":\"https:\/\/cateringfelix.net\/ca\/#\/schema\/person\/image\/\",\"url\":\"https:\/\/secure.gravatar.com\/avatar\/8e45b32aa9fd9df09a8284081e0d80af7e0f6cc92e41f59106beb0cd4c88b26d?s=96&d=mm&r=g\",\"contentUrl\":\"https:\/\/secure.gravatar.com\/avatar\/8e45b32aa9fd9df09a8284081e0d80af7e0f6cc92e41f59106beb0cd4c88b26d?s=96&d=mm&r=g\",\"caption\":\"Marta Borras\"},\"url\":\"https:\/\/cateringfelix.net\/ca\/author\/mborras\/\"}]}<\/script>\n<!-- \/ Yoast SEO plugin. -->","yoast_head_json":{"title":"Com planificar una boda | F\u00e8lix C\u00e0tering","description":"Molts de vosaltres teniu dubtes sobre com planificar una boda, i \u00e9s comprensible. \u00c9s un proc\u00e9s que requereix molta atenci\u00f3 a cada detall.","robots":{"index":"index","follow":"follow","max-snippet":"max-snippet:-1","max-image-preview":"max-image-preview:large","max-video-preview":"max-video-preview:-1"},"canonical":"https:\/\/cateringfelix.net\/ca\/como-planificar-una-boda\/","og_locale":"ca_ES","og_type":"article","og_title":"Com planificar una boda | F\u00e8lix C\u00e0tering","og_description":"Molts de vosaltres teniu dubtes sobre com planificar una boda, i \u00e9s comprensible. \u00c9s un proc\u00e9s que requereix molta atenci\u00f3 a cada detall.","og_url":"https:\/\/cateringfelix.net\/ca\/como-planificar-una-boda\/","og_site_name":"F\u00e8lix Catering","article_published_time":"2024-03-20T12:26:39+00:00","article_modified_time":"2024-10-29T03:29:27+00:00","og_image":[{"width":2256,"height":1504,"url":"https:\/\/cateringfelix.net\/wp-content\/uploads\/2024\/02\/103_11zon.jpg","type":"image\/jpeg"}],"author":"Marta Borras","twitter_card":"summary_large_image","twitter_misc":{"Escrit per":"Marta Borras","Temps estimat de lectura":"11 minuts"},"schema":{"@context":"https:\/\/schema.org","@graph":[{"@type":"WebPage","@id":"https:\/\/cateringfelix.net\/ca\/como-planificar-una-boda\/","url":"https:\/\/cateringfelix.net\/ca\/como-planificar-una-boda\/","name":"Com planificar una boda | F\u00e8lix C\u00e0tering","isPartOf":{"@id":"https:\/\/cateringfelix.net\/ca\/#website"},"primaryImageOfPage":{"@id":"https:\/\/cateringfelix.net\/ca\/como-planificar-una-boda\/#primaryimage"},"image":{"@id":"https:\/\/cateringfelix.net\/ca\/como-planificar-una-boda\/#primaryimage"},"thumbnailUrl":"https:\/\/cateringfelix.net\/wp-content\/uploads\/2024\/02\/103_11zon.jpg","datePublished":"2024-03-20T12:26:39+00:00","dateModified":"2024-10-29T03:29:27+00:00","author":{"@id":"https:\/\/cateringfelix.net\/ca\/#\/schema\/person\/426dff92228e08422f16124dedab39da"},"description":"Molts de vosaltres teniu dubtes sobre com planificar una boda, i \u00e9s comprensible. \u00c9s un proc\u00e9s que requereix molta atenci\u00f3 a cada detall.","breadcrumb":{"@id":"https:\/\/cateringfelix.net\/ca\/como-planificar-una-boda\/#breadcrumb"},"inLanguage":"ca","potentialAction":[{"@type":"ReadAction","target":["https:\/\/cateringfelix.net\/ca\/como-planificar-una-boda\/"]}]},{"@type":"ImageObject","inLanguage":"ca","@id":"https:\/\/cateringfelix.net\/ca\/como-planificar-una-boda\/#primaryimage","url":"https:\/\/cateringfelix.net\/wp-content\/uploads\/2024\/02\/103_11zon.jpg","contentUrl":"https:\/\/cateringfelix.net\/wp-content\/uploads\/2024\/02\/103_11zon.jpg","width":2256,"height":1504,"caption":"C\u00f3mo empezar a planificar una boda"},{"@type":"BreadcrumbList","@id":"https:\/\/cateringfelix.net\/ca\/como-planificar-una-boda\/#breadcrumb","itemListElement":[{"@type":"ListItem","position":1,"name":"Portada","item":"https:\/\/cateringfelix.net\/ca\/"},{"@type":"ListItem","position":2,"name":"Com planificar una boda"}]},{"@type":"WebSite","@id":"https:\/\/cateringfelix.net\/ca\/#website","url":"https:\/\/cateringfelix.net\/ca\/","name":"F\u00e8lix Catering","description":"C\u00c1TERING &amp; EVENTS","potentialAction":[{"@type":"SearchAction","target":{"@type":"EntryPoint","urlTemplate":"https:\/\/cateringfelix.net\/ca\/?s={search_term_string}"},"query-input":{"@type":"PropertyValueSpecification","valueRequired":true,"valueName":"search_term_string"}}],"inLanguage":"ca"},{"@type":"Person","@id":"https:\/\/cateringfelix.net\/ca\/#\/schema\/person\/426dff92228e08422f16124dedab39da","name":"Marta Borras","image":{"@type":"ImageObject","inLanguage":"ca","@id":"https:\/\/cateringfelix.net\/ca\/#\/schema\/person\/image\/","url":"https:\/\/secure.gravatar.com\/avatar\/8e45b32aa9fd9df09a8284081e0d80af7e0f6cc92e41f59106beb0cd4c88b26d?s=96&d=mm&r=g","contentUrl":"https:\/\/secure.gravatar.com\/avatar\/8e45b32aa9fd9df09a8284081e0d80af7e0f6cc92e41f59106beb0cd4c88b26d?s=96&d=mm&r=g","caption":"Marta Borras"},"url":"https:\/\/cateringfelix.net\/ca\/author\/mborras\/"}]}},"_links":{"self":[{"href":"https:\/\/cateringfelix.net\/ca\/wp-json\/wp\/v2\/posts\/2482","targetHints":{"allow":["GET"]}}],"collection":[{"href":"https:\/\/cateringfelix.net\/ca\/wp-json\/wp\/v2\/posts"}],"about":[{"href":"https:\/\/cateringfelix.net\/ca\/wp-json\/wp\/v2\/types\/post"}],"author":[{"embeddable":true,"href":"https:\/\/cateringfelix.net\/ca\/wp-json\/wp\/v2\/users\/12"}],"replies":[{"embeddable":true,"href":"https:\/\/cateringfelix.net\/ca\/wp-json\/wp\/v2\/comments?post=2482"}],"version-history":[{"count":0,"href":"https:\/\/cateringfelix.net\/ca\/wp-json\/wp\/v2\/posts\/2482\/revisions"}],"wp:featuredmedia":[{"embeddable":true,"href":"https:\/\/cateringfelix.net\/ca\/wp-json\/wp\/v2\/media\/2502"}],"wp:attachment":[{"href":"https:\/\/cateringfelix.net\/ca\/wp-json\/wp\/v2\/media?parent=2482"}],"wp:term":[{"taxonomy":"category","embeddable":true,"href":"https:\/\/cateringfelix.net\/ca\/wp-json\/wp\/v2\/categories?post=2482"},{"taxonomy":"post_tag","embeddable":true,"href":"https:\/\/cateringfelix.net\/ca\/wp-json\/wp\/v2\/tags?post=2482"}],"curies":[{"name":"wp","href":"https:\/\/api.w.org\/{rel}","templated":true}]}}